{"id":8447,"date":"2022-12-21T18:04:33","date_gmt":"2022-12-21T21:04:33","guid":{"rendered":"https:\/\/app.hyperrenta.cl\/?p=8447"},"modified":"2022-12-21T18:41:29","modified_gmt":"2022-12-21T21:41:29","slug":"imperdible-checkpoint-laboral-diciembre-2022","status":"publish","type":"post","link":"https:\/\/app.hyperrenta.cl\/?p=8447","title":{"rendered":"Imperdible Checkpoint Laboral Diciembre 2022"},"content":{"rendered":"<p><img decoding=\"async\" loading=\"lazy\" class=\"alignnone size-full wp-image-8448 aligncenter\" src=\"https:\/\/app.hyperrenta.cl\/wp-content\/uploads\/2022\/12\/Imperdibles-diciembre-CHL.png\" alt=\"\" width=\"600\" height=\"332\" \/><\/p>\n<p style=\"text-align: center;\"><strong>LEY DE INCLUSI\u00d3N<\/strong><\/p>\n<p style=\"text-align: center;\">Conozca la informaci\u00f3n disponible en Checkpoint Laboral sobre las medidas alternativas de cumplimiento a la Ley de inclusi\u00f3n N\u00b0 21.275.<\/p>\n<p>&nbsp;<\/p>\n<p>En enero de 2023, las empresas deben informar a la Direcci\u00f3n del Trabajo el cumplimiento de la obligaci\u00f3n contenida en el art\u00edculo 157 bis del C\u00f3digo del Trabajo, es decir, la contrataci\u00f3n de al menos un 1% de personas con discapacidad, trat\u00e1ndose de empresas de 100 o m\u00e1s trabajadores. La empresa puede dar cumplimiento alternativo a la obligaci\u00f3n antedicha, a trav\u00e9s de algunas de las alternativas del art\u00edculo 157 ter del C\u00f3digo del Trabajo, lo que tambi\u00e9n debe ser informado a mencionada Direcci\u00f3n.<\/p>\n<p style=\"text-align: center;\"><strong><span style=\"color: #ff6600;\">\u200b<a style=\"color: #ff6600;\" href=\"https:\/\/www.checkpoint.cl\/maf\/app\/document?parentguid=i0AD76247043CC3C081044F8AC7C9A204&amp;tocguid=i0AD76247043CC3C081044FC75E1799DF&amp;searchFrom=advance&amp;docguid=i281CF44EF856F9E1D0577042135697E2\" target=\"_blank\" rel=\"noopener\">VER M\u00c1S<\/a><\/span><\/strong><\/p>\n<p>&nbsp;<\/p>\n<p>La Ley N\u00b0 21.275, con vigencia a partir de 1\u00b0 de noviembre de 2022, incorpor\u00f3 el art\u00edculo 152 qu\u00e1ter al C\u00f3digo del Trabajo, obligando a las empresas a contratar personas con discapacidad, a contar con al menos un trabajador que se desempe\u00f1e en funciones de recursos humanos, con conocimientos espec\u00edficos en materias que fomenten la inclusi\u00f3n laboral.\u00a0<strong>Esta materia tambi\u00e9n debe ser informada a la Inspecci\u00f3n del Trabajo en enero de cada a\u00f1o.<\/strong><\/p>\n<p style=\"text-align: center;\"><span style=\"color: #ff6600;\"><strong><a style=\"color: #ff6600;\" href=\"https:\/\/www.checkpoint.cl\/maf\/app\/document?parentguid=i0AD76247043CC3C081044F8AC7C9A204&amp;tocguid=i0AD76247043CC3C081044F8AEF9DA4EC&amp;searchFrom=advance&amp;docguid=i5B67085652D96733823B80E71E18A064\" target=\"_blank\" rel=\"noopener\">VER M\u00c1S<\/a><\/strong><\/span><\/p>\n<p>&nbsp;<\/p>\n<p><a href=\"https:\/\/www.checkpoint.cl\/maf\/app\/authentication\/formLogin?redirect=%2Fmaf%2Fapi%2Ftocectory%3Ftds%3DLLAR-TOCECTORY%26ao%3Do.i0AD76247043CC3C081044F8AC7C9A204%26ndd%3D1\"><img decoding=\"async\" loading=\"lazy\" class=\"alignnone wp-image-8449 aligncenter\" src=\"https:\/\/app.hyperrenta.cl\/wp-content\/uploads\/2022\/12\/b_cp_lab.png\" alt=\"\" width=\"929\" height=\"159\" \/><\/a><\/p>\n<p>&nbsp;<\/p>\n<p style=\"text-align: center;\"><strong>Si tiene dudas, o quiere contactarnos\u00a0<a class=\"on\" href=\"https:\/\/temails.productnotice.thomsonreuters.com\/contacto_checkpointchile\" target=\"_blank\" rel=\"noopener\">ingrese aqu\u00ed<\/a><\/strong><\/p>\n","protected":false},"excerpt":{"rendered":"<p>LEY DE INCLUSI\u00d3N Conozca la informaci\u00f3n disponible en Checkpoint Laboral sobre las medidas alternativas de cumplimiento a la Ley de inclusi\u00f3n N\u00b0 21.275. &nbsp; En enero de 2023, las empresas deben informar a la Direcci\u00f3n del Trabajo el cumplimiento de la obligaci\u00f3n contenida en el art\u00edculo 157 bis del C\u00f3digo del Trabajo, es decir, la [&hellip;]<\/p>\n","protected":false},"author":30,"featured_media":8448,"comment_status":"open","ping_status":"closed","sticky":false,"template":"","format":"standard","meta":[],"categories":[97,104,89],"tags":[],"_links":{"self":[{"href":"https:\/\/app.hyperrenta.cl\/index.php?rest_route=\/wp\/v2\/posts\/8447"}],"collection":[{"href":"https:\/\/app.hyperrenta.cl\/index.php?rest_route=\/wp\/v2\/posts"}],"about":[{"href":"https:\/\/app.hyperrenta.cl\/index.php?rest_route=\/wp\/v2\/types\/post"}],"author":[{"embeddable":true,"href":"https:\/\/app.hyperrenta.cl\/index.php?rest_route=\/wp\/v2\/users\/30"}],"replies":[{"embeddable":true,"href":"https:\/\/app.hyperrenta.cl\/index.php?rest_route=%2Fwp%2Fv2%2Fcomments&post=8447"}],"version-history":[{"count":7,"href":"https:\/\/app.hyperrenta.cl\/index.php?rest_route=\/wp\/v2\/posts\/8447\/revisions"}],"predecessor-version":[{"id":8456,"href":"https:\/\/app.hyperrenta.cl\/index.php?rest_route=\/wp\/v2\/posts\/8447\/revisions\/8456"}],"wp:featuredmedia":[{"embeddable":true,"href":"https:\/\/app.hyperrenta.cl\/index.php?rest_route=\/wp\/v2\/media\/8448"}],"wp:attachment":[{"href":"https:\/\/app.hyperrenta.cl\/index.php?rest_route=%2Fwp%2Fv2%2Fmedia&parent=8447"}],"wp:term":[{"taxonomy":"category","embeddable":true,"href":"https:\/\/app.hyperrenta.cl\/index.php?rest_route=%2Fwp%2Fv2%2Fcategories&post=8447"},{"taxonomy":"post_tag","embeddable":true,"href":"https:\/\/app.hyperrenta.cl\/index.php?rest_route=%2Fwp%2Fv2%2Ftags&post=8447"}],"curies":[{"name":"wp","href":"https:\/\/api.w.org\/{rel}","templated":true}]}}